{"id":1749,"date":"2025-04-09T18:09:06","date_gmt":"2025-04-09T21:09:06","guid":{"rendered":"https:\/\/www.performaweb.com.br\/blog\/?p=1749"},"modified":"2025-04-09T18:09:07","modified_gmt":"2025-04-09T21:09:07","slug":"marketing-de-conteudo-visual","status":"publish","type":"post","link":"https:\/\/www.performaweb.com.br\/blog\/marketing-digital\/marketing-de-conteudo-visual\/","title":{"rendered":"Marketing de conte\u00fado visual: como usar imagens, v\u00eddeos e infogr\u00e1ficos para engajar audi\u00eancias"},"content":{"rendered":"\n<p>O marketing de conte\u00fado visual se tornou um pilar fundamental para qualquer estrat\u00e9gia digital que vise atrair, engajar e converter audi\u00eancias. Em um mundo onde a aten\u00e7\u00e3o do usu\u00e1rio \u00e9 disputada a cada segundo, o conte\u00fado visual oferece uma maneira poderosa e eficaz de romper o ru\u00eddo. Al\u00e9m disso, conte\u00fados visuais podem transmitir mensagens complexas de forma concisa e criar conex\u00f5es emocionais duradouras com o seu p\u00fablico-alvo.<\/p>\n\n\n\n<p>A <a href=\"https:\/\/www.performaweb.com.br\/\"><strong>Performa Web<\/strong><\/a>, como uma ag\u00eancia de marketing digital completa, compreende profundamente o impacto do conte\u00fado visual e como ele se integra a estrat\u00e9gias essenciais, como <a href=\"https:\/\/www.performaweb.com.br\/inbound-marketing\/seo\">SEO<\/a>, <a href=\"https:\/\/www.performaweb.com.br\/blog\/dicas-marketing-digital\/geracao-de-leads\/\">Inbound Marketing<\/a> e social media.&nbsp;<\/p>\n\n\n\n<p>Neste artigo, exploraremos as diversas formas de utilizar imagens, v\u00eddeos e infogr\u00e1ficos para impulsionar o engajamento da sua audi\u00eancia e alcan\u00e7ar seus objetivos de neg\u00f3cio.<\/p>\n\n\n\n<p><\/p>\n\n\n\n<h2 class=\"wp-block-heading\">Por que o marketing de conte\u00fado visual \u00e9 t\u00e3o eficaz?<\/h2>\n\n\n\n<p>Estudos mostram que o c\u00e9rebro humano processa imagens at\u00e9 60 mil vezes mais r\u00e1pido do que textos. Isso significa que o conte\u00fado visual tem muito mais chances de ser compreendido e lembrado pelo p\u00fablico. Al\u00e9m disso:<\/p>\n\n\n\n<ul class=\"wp-block-list\">\n<li>Publica\u00e7\u00f5es com imagens t\u00eam 94% mais visualiza\u00e7\u00f5es do que aquelas sem.<\/li>\n\n\n\n<li>V\u00eddeos geram at\u00e9 1200% mais compartilhamentos do que links e textos combinados.<\/li>\n\n\n\n<li>Infogr\u00e1ficos podem aumentar o tr\u00e1fego em at\u00e9 12% quando inclu\u00eddos em artigos de\u00a0blog. <\/li>\n<\/ul>\n\n\n\n<h2 class=\"wp-block-heading\">Tipos de marketing de conte\u00fado visual que mais engajam<\/h2>\n\n\n\n<h3 class=\"wp-block-heading\">1. Imagens atrativas e personalizadas<\/h3>\n\n\n\n<p>Imagens n\u00e3o servem apenas para ilustrar o conte\u00fado \u2014 elas devem ser estrategicamente pensadas para gerar conex\u00e3o emocional, refor\u00e7ar a identidade visual da marca e facilitar o entendimento da mensagem. A seguir, listamos algumas dicas para voc\u00ea usar imagens da forma correta:&nbsp;<\/p>\n\n\n\n<ul class=\"wp-block-list\">\n<li>Sempre que poss\u00edvel, utilize fotos reais.\u00a0<\/li>\n\n\n\n<li>Padronize o estilo visual (filtros, cores, enquadramentos).<\/li>\n\n\n\n<li>Insira textos curtos e impactantes na imagem.<\/li>\n\n\n\n<li>Use gr\u00e1ficos e ilustra\u00e7\u00f5es para representar dados.<\/li>\n<\/ul>\n\n\n\n<p>Uma <a href=\"https:\/\/www.performaweb.com.br\/blog\/marketing-digital\/agencia-de-inbound-marketing\/\"><strong>ag\u00eancia de inbound marketing<\/strong><\/a> pode ajudar a alinhar o conte\u00fado visual com o funil de vendas, garantindo que cada imagem esteja conectada a uma etapa da jornada do consumidor.<\/p>\n\n\n\n<p><\/p>\n\n\n\n<h3 class=\"wp-block-heading\">2. V\u00eddeos que contam hist\u00f3rias<\/h3>\n\n\n\n<p>O v\u00eddeo \u00e9 um dos formatos mais poderosos do marketing digital, afinal ele une imagem, som e movimento, criando uma experi\u00eancia completa para o usu\u00e1rio. Formatos em alta:<\/p>\n\n\n\n<ul class=\"wp-block-list\">\n<li>V\u00eddeos curtos para redes sociais (por exemplo, Reels, Tik Tok e Shorts).<\/li>\n\n\n\n<li>V\u00eddeos explicativos (explainer videos) sobre produtos e servi\u00e7os.<\/li>\n\n\n\n<li>Depoimentos de clientes muito utilizados como <a href=\"https:\/\/www.instagram.com\/p\/DGnvMADTNXx\/?img_index=1\">gatilho de prova social<\/a>.<\/li>\n\n\n\n<li>Bastidores e cultura da empresa.<\/li>\n<\/ul>\n\n\n\n<p>Ao trabalhar com uma ag\u00eancia de m\u00eddia social, \u00e9 poss\u00edvel planejar roteiros, capta\u00e7\u00e3o e edi\u00e7\u00e3o de v\u00eddeos pensados especificamente para cada plataforma e p\u00fablico, maximizando o alcance e o engajamento.<\/p>\n\n\n\n<figure class=\"wp-block-image size-full\"><img loading=\"lazy\" decoding=\"async\" width=\"750\" height=\"410\" src=\"https:\/\/www.performaweb.com.br\/blog\/wp-content\/uploads\/2025\/04\/Dimensoes-personalizadas-750x410-px-40-1.png\" alt=\"Foto: Freepik   marketing de conte\u00fado visual\" class=\"wp-image-1751\" srcset=\"https:\/\/www.performaweb.com.br\/blog\/wp-content\/uploads\/2025\/04\/Dimensoes-personalizadas-750x410-px-40-1.png 750w, https:\/\/www.performaweb.com.br\/blog\/wp-content\/uploads\/2025\/04\/Dimensoes-personalizadas-750x410-px-40-1-300x164.png 300w\" sizes=\"auto, (max-width: 750px) 100vw, 750px\" \/><figcaption class=\"wp-element-caption\">Foto: Freepik  <\/figcaption><\/figure>\n\n\n\n<h3 class=\"wp-block-heading\">3. Infogr\u00e1ficos que facilitam o entendimento<\/h3>\n\n\n\n<p>Infogr\u00e1ficos s\u00e3o \u00f3timos para transformar dados complexos em conte\u00fado f\u00e1cil de consumir. Eles misturam texto, imagem e design para contar uma hist\u00f3ria visualmente atrativa. E entre as principais vantagens est\u00e3o:&nbsp;<\/p>\n\n\n\n<ul class=\"wp-block-list\">\n<li>S\u00e3o altamente compartilh\u00e1veis.<\/li>\n\n\n\n<li>Melhoram o SEO da p\u00e1gina.<\/li>\n\n\n\n<li>Aumentam o tempo de perman\u00eancia do usu\u00e1rio no site.<\/li>\n<\/ul>\n\n\n\n<p>Al\u00e9m disso, os infogr\u00e1ficos podem ser otimizados com<a href=\"https:\/\/www.performaweb.com.br\/blog\/marketing-digital\/palavras-chave\/\"> palavras-chave<\/a> estrat\u00e9gicas, linkagens internas e estrutura de c\u00f3digo que favore\u00e7a o ranqueamento nos mecanismos de busca.<\/p>\n\n\n\n<h2 class=\"wp-block-heading\">Como implementar uma estrat\u00e9gia de marketing de conte\u00fado visual<\/h2>\n\n\n\n<p>Primeiramente \u00e9 muito importante que voc\u00ea conhe\u00e7a o seu p\u00fablico-alvo. Entenda os h\u00e1bitos de consumo e prefer\u00eancias visuais da sua audi\u00eancia, pois isso ajudar\u00e1 a escolher os formatos ideais e os canais de distribui\u00e7\u00e3o mais eficazes. Com isso em mente, voc\u00ea poder\u00e1 seguir os demais passos.&nbsp;<\/p>\n\n\n\n<ol class=\"wp-block-list\">\n<li><strong>Defina objetivos claros: <\/strong>Deseja mais tr\u00e1fego ou mais convers\u00f5es? Ou deseja um aumento expressivo de engajamento? Cada objetivo pode demandar um tipo diferente de conte\u00fado visual.<br><\/li>\n\n\n\n<li><strong>Crie um calend\u00e1rio de conte\u00fado:<\/strong> Organize as postagens visuais de forma integrada com os demais formatos (textos, <a href=\"https:\/\/www.performaweb.com.br\/blog\/dicas-marketing-digital\/razoes-para-se-investir-em-estrategias-de-e-mail-marketing\/\">e-mails marketing<\/a>, blogs, etc). A consist\u00eancia \u00e9 chave.<br><\/li>\n\n\n\n<li><strong>Utilize ferramentas de design e edi\u00e7\u00e3o:<\/strong> Plataformas como Canva, Adobe Express e Lumen5 ajudam a criar conte\u00fados visualmente atrativos mesmo com or\u00e7amentos reduzidos.<br><\/li>\n\n\n\n<li><strong>Conte com especialistas:<\/strong> Trabalhar com uma <a href=\"https:\/\/www.performaweb.com.br\/blog\/marketing-digital\/beneficios-de-contratar-de-agencia-de-marketing\/\"><strong>ag\u00eancia de marketing digital<\/strong> <\/a>como a Performa Web garante que sua estrat\u00e9gia visual esteja alinhada aos seus objetivos de neg\u00f3cio, com foco em performance e resultados mensur\u00e1veis.<\/li>\n<\/ol>\n\n\n\n<p><\/p>\n\n\n\n<h2 class=\"wp-block-heading\">Integra\u00e7\u00e3o do marketing de conte\u00fado visual com SEO\u00a0<\/h2>\n\n\n\n<p>O conte\u00fado visual desempenha um papel significativo no SEO, indo al\u00e9m da simples est\u00e9tica. E como mencionamos anteriormente, o visual pode aumentar o tempo de perman\u00eancia dos usu\u00e1rios em uma p\u00e1gina. Afinal, torna o conte\u00fado mais atraente e f\u00e1cil de digerir, reduzindo tamb\u00e9m a taxa de rejei\u00e7\u00e3o. Al\u00e9m disso, visuais informativos como infogr\u00e1ficos t\u00eam o potencial de gerar backlinks de outros sites que desejam referenciar seus dados.<\/p>\n\n\n\n<p>Para otimizar seu conte\u00fado visual para SEO, recomendamos seguir essas dicas:&nbsp;<\/p>\n\n\n\n<ul class=\"wp-block-list\">\n<li><strong>Nomes dos arquivo:<\/strong> Use nomes de arquivo claros e relevantes para suas imagens e v\u00eddeos, incluindo palavras-chave relacionadas ao seu conte\u00fado.<\/li>\n\n\n\n<li><strong>Texto alternativo (Alt Text):<\/strong> Voc\u00ea tamb\u00e9m precisa adicionar textos alternativos descritivos a todas as suas imagens. Isso n\u00e3o apenas ajuda os mecanismos de busca a entender o conte\u00fado da imagem, como tamb\u00e9m melhora a acessibilidade para usu\u00e1rios com defici\u00eancia visual. Inclua palavras-chave relevantes no alt text de forma natural.<\/li>\n\n\n\n<li><strong>Legendas e transcri\u00e7\u00f5es:<\/strong> Tamb\u00e9m forne\u00e7a legendas para seus v\u00eddeos, pois isso melhora a acessibilidade e tamb\u00e9m permite que os mecanismos de busca rastreiem o conte\u00fado em v\u00eddeo. Transcri\u00e7\u00f5es completas tamb\u00e9m s\u00e3o recomendadas.<\/li>\n\n\n\n<li><strong>Otimiza\u00e7\u00e3o do tamanho do arquivo:<\/strong> Comprima seus arquivos de imagem e v\u00eddeo para garantir que carreguem rapidamente.\u00a0<\/li>\n\n\n\n<li><strong>Sitemaps de v\u00eddeo:<\/strong> Para sites com grande quantidade de conte\u00fado em v\u00eddeo, \u00e9 importante criar um sitemap para ajudar os mecanismos de busca a indexar o conte\u00fado.<\/li>\n\n\n\n<li><strong>Incorpora\u00e7\u00e3o responsiva:<\/strong> Finalmente, mas n\u00e3o menos importante, certifique-se de que seus v\u00eddeos e imagens sejam incorporados de forma responsiva, adaptando-se a diferentes dispositivos.\u00a0<\/li>\n<\/ul>\n\n\n\n<figure class=\"wp-block-gallery has-nested-images columns-default is-cropped wp-block-gallery-1 is-layout-flex wp-block-gallery-is-layout-flex\">\n<figure class=\"wp-block-image size-large\"><img loading=\"lazy\" decoding=\"async\" width=\"750\" height=\"410\" data-id=\"1753\" src=\"https:\/\/www.performaweb.com.br\/blog\/wp-content\/uploads\/2025\/04\/Dimensoes-personalizadas-750x410-px-41-1-1.png\" alt=\"Foto: Freepik marketing de conte\u00fado visual\" class=\"wp-image-1753\" srcset=\"https:\/\/www.performaweb.com.br\/blog\/wp-content\/uploads\/2025\/04\/Dimensoes-personalizadas-750x410-px-41-1-1.png 750w, https:\/\/www.performaweb.com.br\/blog\/wp-content\/uploads\/2025\/04\/Dimensoes-personalizadas-750x410-px-41-1-1-300x164.png 300w\" sizes=\"auto, (max-width: 750px) 100vw, 750px\" \/><figcaption class=\"wp-element-caption\">Foto: Freepik<\/figcaption><\/figure>\n<\/figure>\n\n\n\n<p><\/p>\n\n\n\n<h2 class=\"wp-block-heading\">Aspectos legais e de direitos autorais<\/h2>\n\n\n\n<p>Ao criar e utilizar conte\u00fado visual, \u00e9 crucial estar ciente dos aspectos legais e de direitos autorais para evitar problemas futuros. Por isso, tenha certeza que voc\u00ea tem o direito de usar as imagens, v\u00eddeos e m\u00fasicas em seus conte\u00fados.<\/p>\n\n\n\n<p>Para isso voc\u00ea pode investir na cria\u00e7\u00e3o de conte\u00fado visual original, seja em fotos ou v\u00eddeo. Ou, caso n\u00e3o se poss\u00edvel, use bancos de imagens e v\u00eddeos pagos ou gratu\u00edtos que ofere\u00e7am licen\u00e7as claras para o uso comercial. E, claro, n\u00e3o esque\u00e7a de atribuir o conte\u00fado ao seu criador.&nbsp;<\/p>\n\n\n\n<p><\/p>\n\n\n\n<h2 class=\"wp-block-heading\">Performa Web: sua parceira em marketing de conte\u00fado visual<\/h2>\n\n\n\n<p>A <strong>Performa Web<\/strong> \u00e9 uma ag\u00eancia que une criatividade, tecnologia e dados para construir estrat\u00e9gias completas de conte\u00fado. Como <a href=\"https:\/\/www.performaweb.com.br\/blog\/marketing-digital\/agencia-de-marketing-digital-full-service\/\"><strong>ag\u00eancia de marketing digital full service<\/strong><\/a>, atuamos com foco em performance, desenvolvendo campanhas que engajam, convertem e posicionam marcas no ambiente online.<\/p>\n\n\n\n<p>Nosso time inclui especialistas em <strong>inbound marketing<\/strong>, <strong>SEO<\/strong> e <strong>m\u00eddias sociais<\/strong>, o que permite integrar todos os canais e formatos, inclusive os visuais, em uma estrat\u00e9gia robusta e personalizada.<\/p>\n\n\n\n<p>Ent\u00e3o, se voc\u00ea quer elevar o n\u00edvel do seu marketing de conte\u00fado visual e se destacar no digital com imagens, v\u00eddeos e infogr\u00e1ficos que realmente engajam, fale com a Performa Web. Vamos juntos transformar sua presen\u00e7a online em uma experi\u00eancia inesquec\u00edvel para o seu p\u00fablico.<\/p>\n","protected":false},"excerpt":{"rendered":"<p>O marketing de conte\u00fado visual se tornou um pilar fundamental para qualquer estrat\u00e9gia digital que vise atrair, engajar e converter audi\u00eancias. Em [&hellip;]<\/p>\n","protected":false},"author":4,"featured_media":1750,"comment_status":"closed","ping_status":"open","sticky":false,"template":"","format":"standard","meta":{"footnotes":""},"categories":[46],"tags":[15,45,33],"class_list":["post-1749","post","type-post","status-publish","format-standard","has-post-thumbnail","hentry","category-marketing-digital","tag-dicas-de-marketing-digital","tag-marketing-de-conteudo","tag-marketing-digital"],"yoast_head":"<!-- This site is optimized with the Yoast SEO plugin v27.5 - https:\/\/yoast.com\/product\/yoast-seo-wordpress\/ -->\n<title>Marketing de conte\u00fado visual - o guia completo<\/title>\n<meta name=\"description\" content=\"Aprenda o marketing de conte\u00fado visual para engajar seu p\u00fablico. Dicas pr\u00e1ticas da Performa Web para sua estrat\u00e9gia digital.\" \/>\n<meta name=\"robots\" content=\"index, follow, max-snippet:-1, max-image-preview:large, max-video-preview:-1\" \/>\n<link rel=\"canonical\" href=\"https:\/\/www.performaweb.com.br\/blog\/marketing-digital\/marketing-de-conteudo-visual\/\" \/>\n<meta property=\"og:locale\" content=\"pt_BR\" \/>\n<meta property=\"og:type\" content=\"article\" \/>\n<meta property=\"og:title\" content=\"Marketing de conte\u00fado visual - o guia completo\" \/>\n<meta property=\"og:description\" content=\"Aprenda o marketing de conte\u00fado visual para engajar seu p\u00fablico. Dicas pr\u00e1ticas da Performa Web para sua estrat\u00e9gia digital.\" \/>\n<meta property=\"og:url\" content=\"https:\/\/www.performaweb.com.br\/blog\/marketing-digital\/marketing-de-conteudo-visual\/\" \/>\n<meta property=\"og:site_name\" content=\"Performa Web Blog\" \/>\n<meta property=\"article:publisher\" content=\"https:\/\/www.facebook.com\/performaweb\" \/>\n<meta property=\"article:published_time\" content=\"2025-04-09T21:09:06+00:00\" \/>\n<meta property=\"article:modified_time\" content=\"2025-04-09T21:09:07+00:00\" \/>\n<meta property=\"og:image\" content=\"https:\/\/www.performaweb.com.br\/blog\/wp-content\/uploads\/2025\/04\/Dimensoes-personalizadas-750x410-px-39-1.png\" \/>\n\t<meta property=\"og:image:width\" content=\"750\" \/>\n\t<meta property=\"og:image:height\" content=\"410\" \/>\n\t<meta property=\"og:image:type\" content=\"image\/png\" \/>\n<meta name=\"author\" content=\"J\u00e9ssica Silva\" \/>\n<meta name=\"twitter:card\" content=\"summary_large_image\" \/>\n<meta name=\"twitter:creator\" content=\"@performaweb\" \/>\n<meta name=\"twitter:site\" content=\"@performaweb\" \/>\n<meta name=\"twitter:label1\" content=\"Escrito por\" \/>\n\t<meta name=\"twitter:data1\" content=\"J\u00e9ssica Silva\" \/>\n\t<meta name=\"twitter:label2\" content=\"Est. tempo de leitura\" \/>\n\t<meta name=\"twitter:data2\" content=\"7 minutos\" \/>\n<script type=\"application\/ld+json\" class=\"yoast-schema-graph\">{\"@context\":\"https:\\\/\\\/schema.org\",\"@graph\":[{\"@type\":\"Article\",\"@id\":\"https:\\\/\\\/www.performaweb.com.br\\\/blog\\\/marketing-digital\\\/marketing-de-conteudo-visual\\\/#article\",\"isPartOf\":{\"@id\":\"https:\\\/\\\/www.performaweb.com.br\\\/blog\\\/marketing-digital\\\/marketing-de-conteudo-visual\\\/\"},\"author\":{\"name\":\"J\u00e9ssica Silva\",\"@id\":\"https:\\\/\\\/www.performaweb.com.br\\\/blog\\\/#\\\/schema\\\/person\\\/147a41fde895e34090491503b0079d72\"},\"headline\":\"Marketing de conte\u00fado visual: como usar imagens, v\u00eddeos e infogr\u00e1ficos para engajar audi\u00eancias\",\"datePublished\":\"2025-04-09T21:09:06+00:00\",\"dateModified\":\"2025-04-09T21:09:07+00:00\",\"mainEntityOfPage\":{\"@id\":\"https:\\\/\\\/www.performaweb.com.br\\\/blog\\\/marketing-digital\\\/marketing-de-conteudo-visual\\\/\"},\"wordCount\":1312,\"publisher\":{\"@id\":\"https:\\\/\\\/www.performaweb.com.br\\\/blog\\\/#organization\"},\"image\":{\"@id\":\"https:\\\/\\\/www.performaweb.com.br\\\/blog\\\/marketing-digital\\\/marketing-de-conteudo-visual\\\/#primaryimage\"},\"thumbnailUrl\":\"https:\\\/\\\/www.performaweb.com.br\\\/blog\\\/wp-content\\\/uploads\\\/2025\\\/04\\\/Dimensoes-personalizadas-750x410-px-39-1.png\",\"keywords\":[\"Dicas de marketing digital\",\"marketing de conte\u00fado\",\"marketing digital\"],\"articleSection\":[\"Marketing digital\"],\"inLanguage\":\"pt-BR\"},{\"@type\":\"WebPage\",\"@id\":\"https:\\\/\\\/www.performaweb.com.br\\\/blog\\\/marketing-digital\\\/marketing-de-conteudo-visual\\\/\",\"url\":\"https:\\\/\\\/www.performaweb.com.br\\\/blog\\\/marketing-digital\\\/marketing-de-conteudo-visual\\\/\",\"name\":\"Marketing de conte\u00fado visual - o guia completo\",\"isPartOf\":{\"@id\":\"https:\\\/\\\/www.performaweb.com.br\\\/blog\\\/#website\"},\"primaryImageOfPage\":{\"@id\":\"https:\\\/\\\/www.performaweb.com.br\\\/blog\\\/marketing-digital\\\/marketing-de-conteudo-visual\\\/#primaryimage\"},\"image\":{\"@id\":\"https:\\\/\\\/www.performaweb.com.br\\\/blog\\\/marketing-digital\\\/marketing-de-conteudo-visual\\\/#primaryimage\"},\"thumbnailUrl\":\"https:\\\/\\\/www.performaweb.com.br\\\/blog\\\/wp-content\\\/uploads\\\/2025\\\/04\\\/Dimensoes-personalizadas-750x410-px-39-1.png\",\"datePublished\":\"2025-04-09T21:09:06+00:00\",\"dateModified\":\"2025-04-09T21:09:07+00:00\",\"description\":\"Aprenda o marketing de conte\u00fado visual para engajar seu p\u00fablico. Dicas pr\u00e1ticas da Performa Web para sua estrat\u00e9gia digital.\",\"breadcrumb\":{\"@id\":\"https:\\\/\\\/www.performaweb.com.br\\\/blog\\\/marketing-digital\\\/marketing-de-conteudo-visual\\\/#breadcrumb\"},\"inLanguage\":\"pt-BR\",\"potentialAction\":[{\"@type\":\"ReadAction\",\"target\":[\"https:\\\/\\\/www.performaweb.com.br\\\/blog\\\/marketing-digital\\\/marketing-de-conteudo-visual\\\/\"]}]},{\"@type\":\"ImageObject\",\"inLanguage\":\"pt-BR\",\"@id\":\"https:\\\/\\\/www.performaweb.com.br\\\/blog\\\/marketing-digital\\\/marketing-de-conteudo-visual\\\/#primaryimage\",\"url\":\"https:\\\/\\\/www.performaweb.com.br\\\/blog\\\/wp-content\\\/uploads\\\/2025\\\/04\\\/Dimensoes-personalizadas-750x410-px-39-1.png\",\"contentUrl\":\"https:\\\/\\\/www.performaweb.com.br\\\/blog\\\/wp-content\\\/uploads\\\/2025\\\/04\\\/Dimensoes-personalizadas-750x410-px-39-1.png\",\"width\":750,\"height\":410,\"caption\":\"Foto: Freepik marketing de conte\u00fado visual\"},{\"@type\":\"BreadcrumbList\",\"@id\":\"https:\\\/\\\/www.performaweb.com.br\\\/blog\\\/marketing-digital\\\/marketing-de-conteudo-visual\\\/#breadcrumb\",\"itemListElement\":[{\"@type\":\"ListItem\",\"position\":1,\"name\":\"In\u00edcio\",\"item\":\"https:\\\/\\\/www.performaweb.com.br\\\/blog\\\/\"},{\"@type\":\"ListItem\",\"position\":2,\"name\":\"Marketing de conte\u00fado visual: como usar imagens, v\u00eddeos e infogr\u00e1ficos para engajar audi\u00eancias\"}]},{\"@type\":\"WebSite\",\"@id\":\"https:\\\/\\\/www.performaweb.com.br\\\/blog\\\/#website\",\"url\":\"https:\\\/\\\/www.performaweb.com.br\\\/blog\\\/\",\"name\":\"Blog Performa Web\",\"description\":\"No blog da Performa Web voc\u00ea encontra as principais novidades sobre marketing digital, m\u00eddia e performance.\",\"publisher\":{\"@id\":\"https:\\\/\\\/www.performaweb.com.br\\\/blog\\\/#organization\"},\"potentialAction\":[{\"@type\":\"SearchAction\",\"target\":{\"@type\":\"EntryPoint\",\"urlTemplate\":\"https:\\\/\\\/www.performaweb.com.br\\\/blog\\\/?s={search_term_string}\"},\"query-input\":{\"@type\":\"PropertyValueSpecification\",\"valueRequired\":true,\"valueName\":\"search_term_string\"}}],\"inLanguage\":\"pt-BR\"},{\"@type\":\"Organization\",\"@id\":\"https:\\\/\\\/www.performaweb.com.br\\\/blog\\\/#organization\",\"name\":\"Performa Web\",\"url\":\"https:\\\/\\\/www.performaweb.com.br\\\/blog\\\/\",\"logo\":{\"@type\":\"ImageObject\",\"inLanguage\":\"pt-BR\",\"@id\":\"https:\\\/\\\/www.performaweb.com.br\\\/blog\\\/#\\\/schema\\\/logo\\\/image\\\/\",\"url\":\"https:\\\/\\\/www.performaweb.com.br\\\/blog\\\/wp-content\\\/uploads\\\/2021\\\/07\\\/logo.png\",\"contentUrl\":\"https:\\\/\\\/www.performaweb.com.br\\\/blog\\\/wp-content\\\/uploads\\\/2021\\\/07\\\/logo.png\",\"width\":1266,\"height\":354,\"caption\":\"Performa Web\"},\"image\":{\"@id\":\"https:\\\/\\\/www.performaweb.com.br\\\/blog\\\/#\\\/schema\\\/logo\\\/image\\\/\"},\"sameAs\":[\"https:\\\/\\\/www.facebook.com\\\/performaweb\",\"https:\\\/\\\/x.com\\\/performaweb\",\"https:\\\/\\\/www.instagram.com\\\/performaweb\",\"https:\\\/\\\/www.linkedin.com\\\/company\\\/4987081\"]},{\"@type\":\"Person\",\"@id\":\"https:\\\/\\\/www.performaweb.com.br\\\/blog\\\/#\\\/schema\\\/person\\\/147a41fde895e34090491503b0079d72\",\"name\":\"J\u00e9ssica Silva\",\"image\":{\"@type\":\"ImageObject\",\"inLanguage\":\"pt-BR\",\"@id\":\"https:\\\/\\\/secure.gravatar.com\\\/avatar\\\/d8319d400872f90cb92eba9ab647330f57d77dfdf01644a2e374ccf40f346f99?s=96&d=mm&r=g\",\"url\":\"https:\\\/\\\/secure.gravatar.com\\\/avatar\\\/d8319d400872f90cb92eba9ab647330f57d77dfdf01644a2e374ccf40f346f99?s=96&d=mm&r=g\",\"contentUrl\":\"https:\\\/\\\/secure.gravatar.com\\\/avatar\\\/d8319d400872f90cb92eba9ab647330f57d77dfdf01644a2e374ccf40f346f99?s=96&d=mm&r=g\",\"caption\":\"J\u00e9ssica Silva\"},\"url\":\"https:\\\/\\\/www.performaweb.com.br\\\/blog\\\/author\\\/jessica_silva\\\/\"}]}<\/script>\n<!-- \/ Yoast SEO plugin. -->","yoast_head_json":{"title":"Marketing de conte\u00fado visual - o guia completo","description":"Aprenda o marketing de conte\u00fado visual para engajar seu p\u00fablico. Dicas pr\u00e1ticas da Performa Web para sua estrat\u00e9gia digital.","robots":{"index":"index","follow":"follow","max-snippet":"max-snippet:-1","max-image-preview":"max-image-preview:large","max-video-preview":"max-video-preview:-1"},"canonical":"https:\/\/www.performaweb.com.br\/blog\/marketing-digital\/marketing-de-conteudo-visual\/","og_locale":"pt_BR","og_type":"article","og_title":"Marketing de conte\u00fado visual - o guia completo","og_description":"Aprenda o marketing de conte\u00fado visual para engajar seu p\u00fablico. Dicas pr\u00e1ticas da Performa Web para sua estrat\u00e9gia digital.","og_url":"https:\/\/www.performaweb.com.br\/blog\/marketing-digital\/marketing-de-conteudo-visual\/","og_site_name":"Performa Web Blog","article_publisher":"https:\/\/www.facebook.com\/performaweb","article_published_time":"2025-04-09T21:09:06+00:00","article_modified_time":"2025-04-09T21:09:07+00:00","og_image":[{"width":750,"height":410,"url":"https:\/\/www.performaweb.com.br\/blog\/wp-content\/uploads\/2025\/04\/Dimensoes-personalizadas-750x410-px-39-1.png","type":"image\/png"}],"author":"J\u00e9ssica Silva","twitter_card":"summary_large_image","twitter_creator":"@performaweb","twitter_site":"@performaweb","twitter_misc":{"Escrito por":"J\u00e9ssica Silva","Est. tempo de leitura":"7 minutos"},"schema":{"@context":"https:\/\/schema.org","@graph":[{"@type":"Article","@id":"https:\/\/www.performaweb.com.br\/blog\/marketing-digital\/marketing-de-conteudo-visual\/#article","isPartOf":{"@id":"https:\/\/www.performaweb.com.br\/blog\/marketing-digital\/marketing-de-conteudo-visual\/"},"author":{"name":"J\u00e9ssica Silva","@id":"https:\/\/www.performaweb.com.br\/blog\/#\/schema\/person\/147a41fde895e34090491503b0079d72"},"headline":"Marketing de conte\u00fado visual: como usar imagens, v\u00eddeos e infogr\u00e1ficos para engajar audi\u00eancias","datePublished":"2025-04-09T21:09:06+00:00","dateModified":"2025-04-09T21:09:07+00:00","mainEntityOfPage":{"@id":"https:\/\/www.performaweb.com.br\/blog\/marketing-digital\/marketing-de-conteudo-visual\/"},"wordCount":1312,"publisher":{"@id":"https:\/\/www.performaweb.com.br\/blog\/#organization"},"image":{"@id":"https:\/\/www.performaweb.com.br\/blog\/marketing-digital\/marketing-de-conteudo-visual\/#primaryimage"},"thumbnailUrl":"https:\/\/www.performaweb.com.br\/blog\/wp-content\/uploads\/2025\/04\/Dimensoes-personalizadas-750x410-px-39-1.png","keywords":["Dicas de marketing digital","marketing de conte\u00fado","marketing digital"],"articleSection":["Marketing digital"],"inLanguage":"pt-BR"},{"@type":"WebPage","@id":"https:\/\/www.performaweb.com.br\/blog\/marketing-digital\/marketing-de-conteudo-visual\/","url":"https:\/\/www.performaweb.com.br\/blog\/marketing-digital\/marketing-de-conteudo-visual\/","name":"Marketing de conte\u00fado visual - o guia completo","isPartOf":{"@id":"https:\/\/www.performaweb.com.br\/blog\/#website"},"primaryImageOfPage":{"@id":"https:\/\/www.performaweb.com.br\/blog\/marketing-digital\/marketing-de-conteudo-visual\/#primaryimage"},"image":{"@id":"https:\/\/www.performaweb.com.br\/blog\/marketing-digital\/marketing-de-conteudo-visual\/#primaryimage"},"thumbnailUrl":"https:\/\/www.performaweb.com.br\/blog\/wp-content\/uploads\/2025\/04\/Dimensoes-personalizadas-750x410-px-39-1.png","datePublished":"2025-04-09T21:09:06+00:00","dateModified":"2025-04-09T21:09:07+00:00","description":"Aprenda o marketing de conte\u00fado visual para engajar seu p\u00fablico. Dicas pr\u00e1ticas da Performa Web para sua estrat\u00e9gia digital.","breadcrumb":{"@id":"https:\/\/www.performaweb.com.br\/blog\/marketing-digital\/marketing-de-conteudo-visual\/#breadcrumb"},"inLanguage":"pt-BR","potentialAction":[{"@type":"ReadAction","target":["https:\/\/www.performaweb.com.br\/blog\/marketing-digital\/marketing-de-conteudo-visual\/"]}]},{"@type":"ImageObject","inLanguage":"pt-BR","@id":"https:\/\/www.performaweb.com.br\/blog\/marketing-digital\/marketing-de-conteudo-visual\/#primaryimage","url":"https:\/\/www.performaweb.com.br\/blog\/wp-content\/uploads\/2025\/04\/Dimensoes-personalizadas-750x410-px-39-1.png","contentUrl":"https:\/\/www.performaweb.com.br\/blog\/wp-content\/uploads\/2025\/04\/Dimensoes-personalizadas-750x410-px-39-1.png","width":750,"height":410,"caption":"Foto: Freepik marketing de conte\u00fado visual"},{"@type":"BreadcrumbList","@id":"https:\/\/www.performaweb.com.br\/blog\/marketing-digital\/marketing-de-conteudo-visual\/#breadcrumb","itemListElement":[{"@type":"ListItem","position":1,"name":"In\u00edcio","item":"https:\/\/www.performaweb.com.br\/blog\/"},{"@type":"ListItem","position":2,"name":"Marketing de conte\u00fado visual: como usar imagens, v\u00eddeos e infogr\u00e1ficos para engajar audi\u00eancias"}]},{"@type":"WebSite","@id":"https:\/\/www.performaweb.com.br\/blog\/#website","url":"https:\/\/www.performaweb.com.br\/blog\/","name":"Blog Performa Web","description":"No blog da Performa Web voc\u00ea encontra as principais novidades sobre marketing digital, m\u00eddia e performance.","publisher":{"@id":"https:\/\/www.performaweb.com.br\/blog\/#organization"},"potentialAction":[{"@type":"SearchAction","target":{"@type":"EntryPoint","urlTemplate":"https:\/\/www.performaweb.com.br\/blog\/?s={search_term_string}"},"query-input":{"@type":"PropertyValueSpecification","valueRequired":true,"valueName":"search_term_string"}}],"inLanguage":"pt-BR"},{"@type":"Organization","@id":"https:\/\/www.performaweb.com.br\/blog\/#organization","name":"Performa Web","url":"https:\/\/www.performaweb.com.br\/blog\/","logo":{"@type":"ImageObject","inLanguage":"pt-BR","@id":"https:\/\/www.performaweb.com.br\/blog\/#\/schema\/logo\/image\/","url":"https:\/\/www.performaweb.com.br\/blog\/wp-content\/uploads\/2021\/07\/logo.png","contentUrl":"https:\/\/www.performaweb.com.br\/blog\/wp-content\/uploads\/2021\/07\/logo.png","width":1266,"height":354,"caption":"Performa Web"},"image":{"@id":"https:\/\/www.performaweb.com.br\/blog\/#\/schema\/logo\/image\/"},"sameAs":["https:\/\/www.facebook.com\/performaweb","https:\/\/x.com\/performaweb","https:\/\/www.instagram.com\/performaweb","https:\/\/www.linkedin.com\/company\/4987081"]},{"@type":"Person","@id":"https:\/\/www.performaweb.com.br\/blog\/#\/schema\/person\/147a41fde895e34090491503b0079d72","name":"J\u00e9ssica Silva","image":{"@type":"ImageObject","inLanguage":"pt-BR","@id":"https:\/\/secure.gravatar.com\/avatar\/d8319d400872f90cb92eba9ab647330f57d77dfdf01644a2e374ccf40f346f99?s=96&d=mm&r=g","url":"https:\/\/secure.gravatar.com\/avatar\/d8319d400872f90cb92eba9ab647330f57d77dfdf01644a2e374ccf40f346f99?s=96&d=mm&r=g","contentUrl":"https:\/\/secure.gravatar.com\/avatar\/d8319d400872f90cb92eba9ab647330f57d77dfdf01644a2e374ccf40f346f99?s=96&d=mm&r=g","caption":"J\u00e9ssica Silva"},"url":"https:\/\/www.performaweb.com.br\/blog\/author\/jessica_silva\/"}]}},"_links":{"self":[{"href":"https:\/\/www.performaweb.com.br\/blog\/wp-json\/wp\/v2\/posts\/1749","targetHints":{"allow":["GET"]}}],"collection":[{"href":"https:\/\/www.performaweb.com.br\/blog\/wp-json\/wp\/v2\/posts"}],"about":[{"href":"https:\/\/www.performaweb.com.br\/blog\/wp-json\/wp\/v2\/types\/post"}],"author":[{"embeddable":true,"href":"https:\/\/www.performaweb.com.br\/blog\/wp-json\/wp\/v2\/users\/4"}],"replies":[{"embeddable":true,"href":"https:\/\/www.performaweb.com.br\/blog\/wp-json\/wp\/v2\/comments?post=1749"}],"version-history":[{"count":1,"href":"https:\/\/www.performaweb.com.br\/blog\/wp-json\/wp\/v2\/posts\/1749\/revisions"}],"predecessor-version":[{"id":1754,"href":"https:\/\/www.performaweb.com.br\/blog\/wp-json\/wp\/v2\/posts\/1749\/revisions\/1754"}],"wp:featuredmedia":[{"embeddable":true,"href":"https:\/\/www.performaweb.com.br\/blog\/wp-json\/wp\/v2\/media\/1750"}],"wp:attachment":[{"href":"https:\/\/www.performaweb.com.br\/blog\/wp-json\/wp\/v2\/media?parent=1749"}],"wp:term":[{"taxonomy":"category","embeddable":true,"href":"https:\/\/www.performaweb.com.br\/blog\/wp-json\/wp\/v2\/categories?post=1749"},{"taxonomy":"post_tag","embeddable":true,"href":"https:\/\/www.performaweb.com.br\/blog\/wp-json\/wp\/v2\/tags?post=1749"}],"curies":[{"name":"wp","href":"https:\/\/api.w.org\/{rel}","templated":true}]}}