{"id":956,"date":"2023-11-28T15:25:33","date_gmt":"2023-11-28T18:25:33","guid":{"rendered":"https:\/\/www.performaweb.com.br\/blog\/?p=956"},"modified":"2023-11-28T15:25:34","modified_gmt":"2023-11-28T18:25:34","slug":"web-summit-lisboa-2023","status":"publish","type":"post","link":"https:\/\/www.performaweb.com.br\/blog\/marketing-digital\/web-summit-lisboa-2023\/","title":{"rendered":"Web Summit Lisboa 2023: os insights mais relevantes para o marketing digital"},"content":{"rendered":"\n<p>O Web Summit Lisboa 2023 foi um grande sucesso e reuniu mais de 70.000 participantes de todo o mundo. O evento foi marcado por uma s\u00e9rie de palestras, workshops e discuss\u00f5es sobre temas relacionados ao marketing, comunica\u00e7\u00e3o, tecnologia, inova\u00e7\u00e3o e empreendedorismo. Para o marketing digital, o Web Summit Lisboa 2023 foi uma oportunidade de conhecer as tend\u00eancias emergentes e as novas tecnologias que est\u00e3o moldando o futuro do setor.<\/p>\n\n\n\n<p>Neste post, vamos destacar os insights mais relevantes para o marketing digital que foram compartilhados no Web Summit Lisboa 2023. Confira!\u00a0<\/p>\n\n\n\n<h2 class=\"wp-block-heading\">O que o Web Summit Lisboa falou sobre o Metaverso\u00a0<\/h2>\n\n\n\n<p>Primeiramente, vamos falar sobre o<a href=\"https:\/\/www.performaweb.com.br\/blog\/marketing-digital\/o-metaverso-esta-transformando-o-marketing-digital\/\"> metaverso<\/a>, um dos temas mais discutidos no Web Summit Lisboa 2023, onde especialistas de diversos setores compartilharam suas perspectivas sobre o futuro desta tecnologia.<\/p>\n\n\n\n<p>O metaverso \u00e9 uma realidade virtual imersiva que permite \u00e0s pessoas se conectarem de novas maneiras e explorar novas possibilidades. Atualmente, ele n\u00e3o \u00e9 apenas uma ideia, mas sim uma realidade que est\u00e1 sendo constru\u00edda por empresas de todo o mundo e fazendo parte da rotina de diversos segmentos.&nbsp;<\/p>\n\n\n\n<p>Para o marketing digital, ele representa uma oportunidade de criar experi\u00eancias mais envolventes e personalizadas para os clientes. As marcas podem usar o metaverso para criar lojas virtuais, eventos online, jogos e, sobretudo, para estar presentes em todas as etapas de compra dos consumidores.<\/p>\n\n\n\n<p>Al\u00e9m disso, tamb\u00e9m foi abordado a import\u00e2ncia do metaverso para a economia digital, pois acredita-se que essa nova realidade tem o potencial de gerar receita, criar novos neg\u00f3cios e oportunidades de emprego.<\/p>\n\n\n\n<p>Do mesmo modo, tamb\u00e9m foi abordado a necessidade de construir um metaverso aberto e inclusivo. Especialistas apontaram que essa nova tecnologia deve ser acess\u00edvel a todos, independentemente de sua localiza\u00e7\u00e3o, renda ou n\u00edvel de conhecimento tecnol\u00f3gico. Assim, o potencial do metaverso em revolucionar a forma como nos comunicamos, trabalhamos, aprendemos e nos divertimos \u00e9 gigantesco.&nbsp;<\/p>\n\n\n\n<p>Apesar disso, \u00e9 necess\u00e1rio levar em conta que ele est\u00e1 em plena constru\u00e7\u00e3o, passando por mudan\u00e7as e melhoramentos. Ou seja, ainda h\u00e1 muito trabalho a ser feito para torn\u00e1-lo uma realidade para todos. Por isso, \u00e9 cedo para dizer como ele se desenvolver\u00e1, sendo uma tecnologia que vale a pena acompanhar.<\/p>\n\n\n\n<figure class=\"wp-block-embed is-type-video is-provider-youtube wp-block-embed-youtube wp-embed-aspect-16-9 wp-has-aspect-ratio\"><div class=\"wp-block-embed__wrapper\">\n<iframe loading=\"lazy\" title=\"Web Summit 2023 | Opening Night\" width=\"640\" height=\"360\" src=\"https:\/\/www.youtube.com\/embed\/g0PN67sz5ck?feature=oembed\" frameborder=\"0\" allow=\"accelerometer; autoplay; clipboard-write; encrypted-media; gyroscope; picture-in-picture; web-share\" referrerpolicy=\"strict-origin-when-cross-origin\" allowfullscreen><\/iframe>\n<\/div><\/figure>\n\n\n\n<h2 class=\"wp-block-heading\">A intelig\u00eancia artificial \u00e9 uma ferramenta poderosa para o marketing digital<\/h2>\n\n\n\n<p>A intelig\u00eancia artificial (IA) foi outro tema discutido no <strong>Web Summit Lisboa 2023<\/strong>. Pessoas de diversas \u00e1reas compartilharam suas perspectivas sobre o futuro desta tecnologia, que est\u00e1 se desenvolvendo rapidamente e tem o potencial de impactar todos os aspectos de nossas vidas.<\/p>\n\n\n\n<p>Um dos temas mais abordados foi a import\u00e2ncia da IA para resolver os desafios globais, como, por exemplo, ser usada para abordar problemas como a mudan\u00e7a clim\u00e1tica, a pobreza e a desigualdade. Al\u00e9m disso, tamb\u00e9m foi apontada a necessidade de garantir que a IA seja usada de forma respons\u00e1vel, para evitar que ela seja usada para fins maliciosos.<\/p>\n\n\n\n<blockquote class=\"wp-block-quote is-layout-flow wp-block-quote-is-layout-flow\">\n<p>\u201cA Intelig\u00eancia Artificial ser\u00e1 a eletricidade do s\u00e9culo 21, tendo exatamente o mesmo papel que ela teve ao transformar radicalmente a estrutura de diferentes setores da economia e da sociedade\u201d, afirmou o ministro da economia de Portugal Ant\u00f3nio Costa Silva na abertura do Web Summit Lisboa 2023.<\/p>\n<\/blockquote>\n\n\n\n<p>E o que foi bastante frisado \u00e9 que a IA tem o potencial de revolucionar a forma como vivemos e trabalhamos. Por exemplo, intelig\u00eancias artificiais como ChatGPT e<a href=\"https:\/\/www.performaweb.com.br\/blog\/marketing-digital\/bard-google-inteligencia-artificial\/\"> Bard<\/a> j\u00e1 fazem parte do dia a dia de diversos setores, principalmente o marketing. Por isso, \u00e9 importante que todos estejamos cientes dos benef\u00edcios e dos riscos desta tecnologia, para que possamos us\u00e1-la de forma respons\u00e1vel e \u00e9tica.<\/p>\n\n\n\n<p>Para entender melhor o tema, \u00e9 importante assistir \u00e0s palestras que aconteceram no Centre Stage do Web Summit. As grava\u00e7\u00f5es dos tr\u00eas primeiros dias de transmiss\u00e3o est\u00e3o dispon\u00edveis gratuitamente no<a href=\"https:\/\/www.youtube.com\/channel\/UCJtkHqH4Qof97TSx7BzE5IQ\"> canal do YouTube do evento<\/a>.<\/p>\n\n\n\n<h2 class=\"wp-block-heading\">A import\u00e2ncia da personaliza\u00e7\u00e3o de conte\u00fados<\/h2>\n\n\n\n<p>Da mesma forma tamb\u00e9m foi falado sobre a personaliza\u00e7\u00e3o de conte\u00fados (pagos e org\u00e2nicos). De acordo com especialistas presentes no evento, os usu\u00e1rios ficam mais propensos a interagir com conte\u00fados que s\u00e3o relevantes para seus interesses e personalizados diretamente para eles. Por isso tamb\u00e9m ajuda a aumentar a convers\u00e3o. A seguir, alguns exemplos de como a personaliza\u00e7\u00e3o est\u00e1 sendo usada hoje:<\/p>\n\n\n\n<ul class=\"wp-block-list\">\n<li>Empresas est\u00e3o usando a personaliza\u00e7\u00e3o para recomendar produtos aos usu\u00e1rios com base em seus hist\u00f3ricos de navega\u00e7\u00e3o e compras.<\/li>\n\n\n\n<li>A personaliza\u00e7\u00e3o pode ser utilizada para direcionar an\u00fancios aos usu\u00e1rios com base em seus interesses e comportamento.<\/li>\n\n\n\n<li>As empresas est\u00e3o usando a personaliza\u00e7\u00e3o para criar conte\u00fado personalizado para os usu\u00e1rios, como e-mails, newsletters e artigos.<\/li>\n<\/ul>\n\n\n\n<h2 class=\"wp-block-heading\">Experi\u00eancia do cliente \u00e9 fundamental para o sucesso de qualquer empresa<\/h2>\n\n\n\n<p>A experi\u00eancia do cliente (CX) \u00e9 um fator cada vez mais importante para o sucesso das marcas. As marcas precisam garantir que seus clientes tenham uma experi\u00eancia positiva, pois s\u00f3 assim ser\u00e1 poss\u00edvel ter sucesso dentro do mercado atual t\u00e3o competitivo.&nbsp;<\/p>\n\n\n\n<p>Durante o Web Summit Lisboa tamb\u00e9m foi destacado o fato de que o setor de CX \u00e9 complexo e depende de diversos fatores para funcionar bem. Incluindo o tipo de produto ou servi\u00e7o, atendimento ao cliente, marketing, comunica\u00e7\u00e3o, como tamb\u00e9m outros setores.&nbsp;<\/p>\n\n\n\n<h2 class=\"wp-block-heading\">Web Summit Lisboa 2023 supera expectativas e tem futuro promissor<\/h2>\n\n\n\n<p>O Web Summit Lisboa 2023 \u00e9 considerado o maior evento de tecnologia e inova\u00e7\u00e3o do mundo, e superou as expectativas, prometendo eventos futuros ainda melhores. Atualmente, Katherine Maher est\u00e1 na dire\u00e7\u00e3o do Web Summit.<\/p>\n\n\n\n<figure class=\"wp-block-embed is-type-video is-provider-youtube wp-block-embed-youtube wp-embed-aspect-16-9 wp-has-aspect-ratio\"><div class=\"wp-block-embed__wrapper\">\n<iframe loading=\"lazy\" title=\"CEO da Web Summit, Katherine Maher: \u201cLisboa \u00e9 a nossa casa\u201d\" width=\"640\" height=\"360\" src=\"https:\/\/www.youtube.com\/embed\/-5Z0mPjvGQ8?feature=oembed\" frameborder=\"0\" allow=\"accelerometer; autoplay; clipboard-write; encrypted-media; gyroscope; picture-in-picture; web-share\" referrerpolicy=\"strict-origin-when-cross-origin\" allowfullscreen><\/iframe>\n<\/div><\/figure>\n\n\n\n<p>\u00c9 essencial destacar que 43% dos participantes deste ano eram mulheres e mais de 38% tamb\u00e9m eram palestrantes. O evento tamb\u00e9m foi mais sens\u00edvel \u00e0s quest\u00f5es ambientais, com foco em pr\u00e1ticas sustent\u00e1veis, e mais humano, apesar da presen\u00e7a de tecnologias como a intelig\u00eancia artificial. O investidor Albert Wenger, da Union Squares Venture, falou:<\/p>\n\n\n\n<blockquote class=\"wp-block-quote is-layout-flow wp-block-quote-is-layout-flow\">\n<p><em>\u201cO que me deixa mais acordado \u00e0 noite, mais do que a IA, \u00e9 a crise clim\u00e1tica. Qualquer um que esteja acompanhando os n\u00fameros em 2023 pode ver que eles est\u00e3o literalmente fora dos gr\u00e1ficos. Se voc\u00ea olhar para os gr\u00e1ficos de temperatura oce\u00e2nica, temperatura do ar, e olhar para os n\u00fameros de 1970 at\u00e9 esse ano, vai reparar que a curva est\u00e1 significativamente alta. E se voc\u00ea pegar a m\u00e9dia disso \u00e9 um desvio padr\u00e3o, na verdade estamos entre tr\u00eas a cinco vezes acima do que dever\u00edamos estar. A crise clim\u00e1tica est\u00e1 experimentando uma acelera\u00e7\u00e3o extrema\u201d<\/em>,.<\/p>\n<\/blockquote>\n\n\n\n<p>Sob a lideran\u00e7a da CEO Katherine Maher, o Web Summit est\u00e1 comprometido em promover um futuro mais inclusivo, sustent\u00e1vel e humano. O Web Summit Lisboa 2023 foi um evento marcante, que mostrou o potencial da tecnologia para transformar o mundo.<\/p>\n\n\n\n<h2 class=\"wp-block-heading\"><strong>Conte com a Performa Web para se destacar no mercado digital&nbsp;<\/strong><\/h2>\n\n\n\n<p>Em suma, o Web Summit Lisboa 2023 foi um evento que trouxe insights importantes para o marketing digital. As marcas que est\u00e3o atentas \u00e0s tend\u00eancias emergentes e \u00e0s novas tecnologias est\u00e3o bem posicionadas para ter sucesso no futuro. <\/p>\n\n\n\n<p>Se voc\u00ea quer que sua empresa se destaque no mercado digital, aproveitando todas as oportunidades dispon\u00edveis e os insights do Web Summit Lisboa 2023, entre em contato com a <strong>Performa Web<\/strong>. Somos uma ag\u00eancia full service e contamos com profissionais capacitados para atender todas as demandas que a sua empresa precisar. Vamos, juntos, performar al\u00e9m das expectativas.<\/p>\n","protected":false},"excerpt":{"rendered":"<p>O Web Summit Lisboa 2023 foi um grande sucesso e reuniu mais de 70.000 participantes de todo o mundo. O evento foi [&hellip;]<\/p>\n","protected":false},"author":1,"featured_media":961,"comment_status":"closed","ping_status":"open","sticky":false,"template":"","format":"standard","meta":{"footnotes":""},"categories":[46],"tags":[33,129,128],"class_list":["post-956","post","type-post","status-publish","format-standard","has-post-thumbnail","hentry","category-marketing-digital","tag-marketing-digital","tag-web-summit","tag-web-summit-lisboa"],"yoast_head":"<!-- This site is optimized with the Yoast SEO plugin v27.5 - https:\/\/yoast.com\/product\/yoast-seo-wordpress\/ -->\n<title>Web Summit Lisboa 2023: os insights mais relevantes do evento<\/title>\n<meta name=\"description\" content=\"O Web Summit Lisboa 2023 foi uma oportunidade de conhecer as tend\u00eancias e novas tecnologias de marketing digital. Vem saber mais!\" \/>\n<meta name=\"robots\" content=\"index, follow, max-snippet:-1, max-image-preview:large, max-video-preview:-1\" \/>\n<link rel=\"canonical\" href=\"https:\/\/www.performaweb.com.br\/blog\/marketing-digital\/web-summit-lisboa-2023\/\" \/>\n<meta property=\"og:locale\" content=\"pt_BR\" \/>\n<meta property=\"og:type\" content=\"article\" \/>\n<meta property=\"og:title\" content=\"Web Summit Lisboa 2023: os insights mais relevantes do evento\" \/>\n<meta property=\"og:description\" content=\"O Web Summit Lisboa 2023 foi uma oportunidade de conhecer as tend\u00eancias e novas tecnologias de marketing digital. Vem saber mais!\" \/>\n<meta property=\"og:url\" content=\"https:\/\/www.performaweb.com.br\/blog\/marketing-digital\/web-summit-lisboa-2023\/\" \/>\n<meta property=\"og:site_name\" content=\"Performa Web Blog\" \/>\n<meta property=\"article:publisher\" content=\"https:\/\/www.facebook.com\/performaweb\" \/>\n<meta property=\"article:published_time\" content=\"2023-11-28T18:25:33+00:00\" \/>\n<meta property=\"article:modified_time\" content=\"2023-11-28T18:25:34+00:00\" \/>\n<meta property=\"og:image\" content=\"https:\/\/www.performaweb.com.br\/blog\/wp-content\/uploads\/2023\/11\/Dimensoes-personalizadas-750x410-px-7.png\" \/>\n\t<meta property=\"og:image:width\" content=\"750\" \/>\n\t<meta property=\"og:image:height\" content=\"410\" \/>\n\t<meta property=\"og:image:type\" content=\"image\/png\" \/>\n<meta name=\"author\" content=\"Performa Web\" \/>\n<meta name=\"twitter:card\" content=\"summary_large_image\" \/>\n<meta name=\"twitter:creator\" content=\"@performaweb\" \/>\n<meta name=\"twitter:site\" content=\"@performaweb\" \/>\n<meta name=\"twitter:label1\" content=\"Escrito por\" \/>\n\t<meta name=\"twitter:data1\" content=\"Performa Web\" \/>\n\t<meta name=\"twitter:label2\" content=\"Est. tempo de leitura\" \/>\n\t<meta name=\"twitter:data2\" content=\"6 minutos\" \/>\n<script type=\"application\/ld+json\" class=\"yoast-schema-graph\">{\"@context\":\"https:\\\/\\\/schema.org\",\"@graph\":[{\"@type\":\"Article\",\"@id\":\"https:\\\/\\\/www.performaweb.com.br\\\/blog\\\/marketing-digital\\\/web-summit-lisboa-2023\\\/#article\",\"isPartOf\":{\"@id\":\"https:\\\/\\\/www.performaweb.com.br\\\/blog\\\/marketing-digital\\\/web-summit-lisboa-2023\\\/\"},\"author\":{\"name\":\"Performa Web\",\"@id\":\"https:\\\/\\\/www.performaweb.com.br\\\/blog\\\/#\\\/schema\\\/person\\\/78638aefa223483434567f5f88d2f902\"},\"headline\":\"Web Summit Lisboa 2023: os insights mais relevantes para o marketing digital\",\"datePublished\":\"2023-11-28T18:25:33+00:00\",\"dateModified\":\"2023-11-28T18:25:34+00:00\",\"mainEntityOfPage\":{\"@id\":\"https:\\\/\\\/www.performaweb.com.br\\\/blog\\\/marketing-digital\\\/web-summit-lisboa-2023\\\/\"},\"wordCount\":1276,\"publisher\":{\"@id\":\"https:\\\/\\\/www.performaweb.com.br\\\/blog\\\/#organization\"},\"image\":{\"@id\":\"https:\\\/\\\/www.performaweb.com.br\\\/blog\\\/marketing-digital\\\/web-summit-lisboa-2023\\\/#primaryimage\"},\"thumbnailUrl\":\"https:\\\/\\\/www.performaweb.com.br\\\/blog\\\/wp-content\\\/uploads\\\/2023\\\/11\\\/Dimensoes-personalizadas-750x410-px-7.png\",\"keywords\":[\"marketing digital\",\"web summit\",\"web summit lisboa\"],\"articleSection\":[\"Marketing digital\"],\"inLanguage\":\"pt-BR\"},{\"@type\":\"WebPage\",\"@id\":\"https:\\\/\\\/www.performaweb.com.br\\\/blog\\\/marketing-digital\\\/web-summit-lisboa-2023\\\/\",\"url\":\"https:\\\/\\\/www.performaweb.com.br\\\/blog\\\/marketing-digital\\\/web-summit-lisboa-2023\\\/\",\"name\":\"Web Summit Lisboa 2023: os insights mais relevantes do evento\",\"isPartOf\":{\"@id\":\"https:\\\/\\\/www.performaweb.com.br\\\/blog\\\/#website\"},\"primaryImageOfPage\":{\"@id\":\"https:\\\/\\\/www.performaweb.com.br\\\/blog\\\/marketing-digital\\\/web-summit-lisboa-2023\\\/#primaryimage\"},\"image\":{\"@id\":\"https:\\\/\\\/www.performaweb.com.br\\\/blog\\\/marketing-digital\\\/web-summit-lisboa-2023\\\/#primaryimage\"},\"thumbnailUrl\":\"https:\\\/\\\/www.performaweb.com.br\\\/blog\\\/wp-content\\\/uploads\\\/2023\\\/11\\\/Dimensoes-personalizadas-750x410-px-7.png\",\"datePublished\":\"2023-11-28T18:25:33+00:00\",\"dateModified\":\"2023-11-28T18:25:34+00:00\",\"description\":\"O Web Summit Lisboa 2023 foi uma oportunidade de conhecer as tend\u00eancias e novas tecnologias de marketing digital. Vem saber mais!\",\"breadcrumb\":{\"@id\":\"https:\\\/\\\/www.performaweb.com.br\\\/blog\\\/marketing-digital\\\/web-summit-lisboa-2023\\\/#breadcrumb\"},\"inLanguage\":\"pt-BR\",\"potentialAction\":[{\"@type\":\"ReadAction\",\"target\":[\"https:\\\/\\\/www.performaweb.com.br\\\/blog\\\/marketing-digital\\\/web-summit-lisboa-2023\\\/\"]}]},{\"@type\":\"ImageObject\",\"inLanguage\":\"pt-BR\",\"@id\":\"https:\\\/\\\/www.performaweb.com.br\\\/blog\\\/marketing-digital\\\/web-summit-lisboa-2023\\\/#primaryimage\",\"url\":\"https:\\\/\\\/www.performaweb.com.br\\\/blog\\\/wp-content\\\/uploads\\\/2023\\\/11\\\/Dimensoes-personalizadas-750x410-px-7.png\",\"contentUrl\":\"https:\\\/\\\/www.performaweb.com.br\\\/blog\\\/wp-content\\\/uploads\\\/2023\\\/11\\\/Dimensoes-personalizadas-750x410-px-7.png\",\"width\":750,\"height\":410,\"caption\":\"Foto: Eoin Noonan \\\/ Web Summit via Sportsfile\"},{\"@type\":\"BreadcrumbList\",\"@id\":\"https:\\\/\\\/www.performaweb.com.br\\\/blog\\\/marketing-digital\\\/web-summit-lisboa-2023\\\/#breadcrumb\",\"itemListElement\":[{\"@type\":\"ListItem\",\"position\":1,\"name\":\"In\u00edcio\",\"item\":\"https:\\\/\\\/www.performaweb.com.br\\\/blog\\\/\"},{\"@type\":\"ListItem\",\"position\":2,\"name\":\"Web Summit Lisboa 2023: os insights mais relevantes para o marketing digital\"}]},{\"@type\":\"WebSite\",\"@id\":\"https:\\\/\\\/www.performaweb.com.br\\\/blog\\\/#website\",\"url\":\"https:\\\/\\\/www.performaweb.com.br\\\/blog\\\/\",\"name\":\"Blog Performa Web\",\"description\":\"No blog da Performa Web voc\u00ea encontra as principais novidades sobre marketing digital, m\u00eddia e performance.\",\"publisher\":{\"@id\":\"https:\\\/\\\/www.performaweb.com.br\\\/blog\\\/#organization\"},\"potentialAction\":[{\"@type\":\"SearchAction\",\"target\":{\"@type\":\"EntryPoint\",\"urlTemplate\":\"https:\\\/\\\/www.performaweb.com.br\\\/blog\\\/?s={search_term_string}\"},\"query-input\":{\"@type\":\"PropertyValueSpecification\",\"valueRequired\":true,\"valueName\":\"search_term_string\"}}],\"inLanguage\":\"pt-BR\"},{\"@type\":\"Organization\",\"@id\":\"https:\\\/\\\/www.performaweb.com.br\\\/blog\\\/#organization\",\"name\":\"Performa Web\",\"url\":\"https:\\\/\\\/www.performaweb.com.br\\\/blog\\\/\",\"logo\":{\"@type\":\"ImageObject\",\"inLanguage\":\"pt-BR\",\"@id\":\"https:\\\/\\\/www.performaweb.com.br\\\/blog\\\/#\\\/schema\\\/logo\\\/image\\\/\",\"url\":\"https:\\\/\\\/www.performaweb.com.br\\\/blog\\\/wp-content\\\/uploads\\\/2021\\\/07\\\/logo.png\",\"contentUrl\":\"https:\\\/\\\/www.performaweb.com.br\\\/blog\\\/wp-content\\\/uploads\\\/2021\\\/07\\\/logo.png\",\"width\":1266,\"height\":354,\"caption\":\"Performa Web\"},\"image\":{\"@id\":\"https:\\\/\\\/www.performaweb.com.br\\\/blog\\\/#\\\/schema\\\/logo\\\/image\\\/\"},\"sameAs\":[\"https:\\\/\\\/www.facebook.com\\\/performaweb\",\"https:\\\/\\\/x.com\\\/performaweb\",\"https:\\\/\\\/www.instagram.com\\\/performaweb\",\"https:\\\/\\\/www.linkedin.com\\\/company\\\/4987081\"]},{\"@type\":\"Person\",\"@id\":\"https:\\\/\\\/www.performaweb.com.br\\\/blog\\\/#\\\/schema\\\/person\\\/78638aefa223483434567f5f88d2f902\",\"name\":\"Performa Web\",\"image\":{\"@type\":\"ImageObject\",\"inLanguage\":\"pt-BR\",\"@id\":\"https:\\\/\\\/secure.gravatar.com\\\/avatar\\\/3f94a271c5a35b04611b82274d086f66147c0194bcedd421db46f807436c65f8?s=96&d=mm&r=g\",\"url\":\"https:\\\/\\\/secure.gravatar.com\\\/avatar\\\/3f94a271c5a35b04611b82274d086f66147c0194bcedd421db46f807436c65f8?s=96&d=mm&r=g\",\"contentUrl\":\"https:\\\/\\\/secure.gravatar.com\\\/avatar\\\/3f94a271c5a35b04611b82274d086f66147c0194bcedd421db46f807436c65f8?s=96&d=mm&r=g\",\"caption\":\"Performa Web\"},\"description\":\"Conhe\u00e7a nossa equipe de autores da Performa Web\",\"sameAs\":[\"https:\\\/\\\/www.performaweb.com.br\\\/blog\"],\"url\":\"https:\\\/\\\/www.performaweb.com.br\\\/blog\\\/author\\\/pw\\\/\"}]}<\/script>\n<!-- \/ Yoast SEO plugin. -->","yoast_head_json":{"title":"Web Summit Lisboa 2023: os insights mais relevantes do evento","description":"O Web Summit Lisboa 2023 foi uma oportunidade de conhecer as tend\u00eancias e novas tecnologias de marketing digital. Vem saber mais!","robots":{"index":"index","follow":"follow","max-snippet":"max-snippet:-1","max-image-preview":"max-image-preview:large","max-video-preview":"max-video-preview:-1"},"canonical":"https:\/\/www.performaweb.com.br\/blog\/marketing-digital\/web-summit-lisboa-2023\/","og_locale":"pt_BR","og_type":"article","og_title":"Web Summit Lisboa 2023: os insights mais relevantes do evento","og_description":"O Web Summit Lisboa 2023 foi uma oportunidade de conhecer as tend\u00eancias e novas tecnologias de marketing digital. Vem saber mais!","og_url":"https:\/\/www.performaweb.com.br\/blog\/marketing-digital\/web-summit-lisboa-2023\/","og_site_name":"Performa Web Blog","article_publisher":"https:\/\/www.facebook.com\/performaweb","article_published_time":"2023-11-28T18:25:33+00:00","article_modified_time":"2023-11-28T18:25:34+00:00","og_image":[{"width":750,"height":410,"url":"https:\/\/www.performaweb.com.br\/blog\/wp-content\/uploads\/2023\/11\/Dimensoes-personalizadas-750x410-px-7.png","type":"image\/png"}],"author":"Performa Web","twitter_card":"summary_large_image","twitter_creator":"@performaweb","twitter_site":"@performaweb","twitter_misc":{"Escrito por":"Performa Web","Est. tempo de leitura":"6 minutos"},"schema":{"@context":"https:\/\/schema.org","@graph":[{"@type":"Article","@id":"https:\/\/www.performaweb.com.br\/blog\/marketing-digital\/web-summit-lisboa-2023\/#article","isPartOf":{"@id":"https:\/\/www.performaweb.com.br\/blog\/marketing-digital\/web-summit-lisboa-2023\/"},"author":{"name":"Performa Web","@id":"https:\/\/www.performaweb.com.br\/blog\/#\/schema\/person\/78638aefa223483434567f5f88d2f902"},"headline":"Web Summit Lisboa 2023: os insights mais relevantes para o marketing digital","datePublished":"2023-11-28T18:25:33+00:00","dateModified":"2023-11-28T18:25:34+00:00","mainEntityOfPage":{"@id":"https:\/\/www.performaweb.com.br\/blog\/marketing-digital\/web-summit-lisboa-2023\/"},"wordCount":1276,"publisher":{"@id":"https:\/\/www.performaweb.com.br\/blog\/#organization"},"image":{"@id":"https:\/\/www.performaweb.com.br\/blog\/marketing-digital\/web-summit-lisboa-2023\/#primaryimage"},"thumbnailUrl":"https:\/\/www.performaweb.com.br\/blog\/wp-content\/uploads\/2023\/11\/Dimensoes-personalizadas-750x410-px-7.png","keywords":["marketing digital","web summit","web summit lisboa"],"articleSection":["Marketing digital"],"inLanguage":"pt-BR"},{"@type":"WebPage","@id":"https:\/\/www.performaweb.com.br\/blog\/marketing-digital\/web-summit-lisboa-2023\/","url":"https:\/\/www.performaweb.com.br\/blog\/marketing-digital\/web-summit-lisboa-2023\/","name":"Web Summit Lisboa 2023: os insights mais relevantes do evento","isPartOf":{"@id":"https:\/\/www.performaweb.com.br\/blog\/#website"},"primaryImageOfPage":{"@id":"https:\/\/www.performaweb.com.br\/blog\/marketing-digital\/web-summit-lisboa-2023\/#primaryimage"},"image":{"@id":"https:\/\/www.performaweb.com.br\/blog\/marketing-digital\/web-summit-lisboa-2023\/#primaryimage"},"thumbnailUrl":"https:\/\/www.performaweb.com.br\/blog\/wp-content\/uploads\/2023\/11\/Dimensoes-personalizadas-750x410-px-7.png","datePublished":"2023-11-28T18:25:33+00:00","dateModified":"2023-11-28T18:25:34+00:00","description":"O Web Summit Lisboa 2023 foi uma oportunidade de conhecer as tend\u00eancias e novas tecnologias de marketing digital. Vem saber mais!","breadcrumb":{"@id":"https:\/\/www.performaweb.com.br\/blog\/marketing-digital\/web-summit-lisboa-2023\/#breadcrumb"},"inLanguage":"pt-BR","potentialAction":[{"@type":"ReadAction","target":["https:\/\/www.performaweb.com.br\/blog\/marketing-digital\/web-summit-lisboa-2023\/"]}]},{"@type":"ImageObject","inLanguage":"pt-BR","@id":"https:\/\/www.performaweb.com.br\/blog\/marketing-digital\/web-summit-lisboa-2023\/#primaryimage","url":"https:\/\/www.performaweb.com.br\/blog\/wp-content\/uploads\/2023\/11\/Dimensoes-personalizadas-750x410-px-7.png","contentUrl":"https:\/\/www.performaweb.com.br\/blog\/wp-content\/uploads\/2023\/11\/Dimensoes-personalizadas-750x410-px-7.png","width":750,"height":410,"caption":"Foto: Eoin Noonan \/ Web Summit via Sportsfile"},{"@type":"BreadcrumbList","@id":"https:\/\/www.performaweb.com.br\/blog\/marketing-digital\/web-summit-lisboa-2023\/#breadcrumb","itemListElement":[{"@type":"ListItem","position":1,"name":"In\u00edcio","item":"https:\/\/www.performaweb.com.br\/blog\/"},{"@type":"ListItem","position":2,"name":"Web Summit Lisboa 2023: os insights mais relevantes para o marketing digital"}]},{"@type":"WebSite","@id":"https:\/\/www.performaweb.com.br\/blog\/#website","url":"https:\/\/www.performaweb.com.br\/blog\/","name":"Blog Performa Web","description":"No blog da Performa Web voc\u00ea encontra as principais novidades sobre marketing digital, m\u00eddia e performance.","publisher":{"@id":"https:\/\/www.performaweb.com.br\/blog\/#organization"},"potentialAction":[{"@type":"SearchAction","target":{"@type":"EntryPoint","urlTemplate":"https:\/\/www.performaweb.com.br\/blog\/?s={search_term_string}"},"query-input":{"@type":"PropertyValueSpecification","valueRequired":true,"valueName":"search_term_string"}}],"inLanguage":"pt-BR"},{"@type":"Organization","@id":"https:\/\/www.performaweb.com.br\/blog\/#organization","name":"Performa Web","url":"https:\/\/www.performaweb.com.br\/blog\/","logo":{"@type":"ImageObject","inLanguage":"pt-BR","@id":"https:\/\/www.performaweb.com.br\/blog\/#\/schema\/logo\/image\/","url":"https:\/\/www.performaweb.com.br\/blog\/wp-content\/uploads\/2021\/07\/logo.png","contentUrl":"https:\/\/www.performaweb.com.br\/blog\/wp-content\/uploads\/2021\/07\/logo.png","width":1266,"height":354,"caption":"Performa Web"},"image":{"@id":"https:\/\/www.performaweb.com.br\/blog\/#\/schema\/logo\/image\/"},"sameAs":["https:\/\/www.facebook.com\/performaweb","https:\/\/x.com\/performaweb","https:\/\/www.instagram.com\/performaweb","https:\/\/www.linkedin.com\/company\/4987081"]},{"@type":"Person","@id":"https:\/\/www.performaweb.com.br\/blog\/#\/schema\/person\/78638aefa223483434567f5f88d2f902","name":"Performa Web","image":{"@type":"ImageObject","inLanguage":"pt-BR","@id":"https:\/\/secure.gravatar.com\/avatar\/3f94a271c5a35b04611b82274d086f66147c0194bcedd421db46f807436c65f8?s=96&d=mm&r=g","url":"https:\/\/secure.gravatar.com\/avatar\/3f94a271c5a35b04611b82274d086f66147c0194bcedd421db46f807436c65f8?s=96&d=mm&r=g","contentUrl":"https:\/\/secure.gravatar.com\/avatar\/3f94a271c5a35b04611b82274d086f66147c0194bcedd421db46f807436c65f8?s=96&d=mm&r=g","caption":"Performa Web"},"description":"Conhe\u00e7a nossa equipe de autores da Performa Web","sameAs":["https:\/\/www.performaweb.com.br\/blog"],"url":"https:\/\/www.performaweb.com.br\/blog\/author\/pw\/"}]}},"_links":{"self":[{"href":"https:\/\/www.performaweb.com.br\/blog\/wp-json\/wp\/v2\/posts\/956","targetHints":{"allow":["GET"]}}],"collection":[{"href":"https:\/\/www.performaweb.com.br\/blog\/wp-json\/wp\/v2\/posts"}],"about":[{"href":"https:\/\/www.performaweb.com.br\/blog\/wp-json\/wp\/v2\/types\/post"}],"author":[{"embeddable":true,"href":"https:\/\/www.performaweb.com.br\/blog\/wp-json\/wp\/v2\/users\/1"}],"replies":[{"embeddable":true,"href":"https:\/\/www.performaweb.com.br\/blog\/wp-json\/wp\/v2\/comments?post=956"}],"version-history":[{"count":6,"href":"https:\/\/www.performaweb.com.br\/blog\/wp-json\/wp\/v2\/posts\/956\/revisions"}],"predecessor-version":[{"id":964,"href":"https:\/\/www.performaweb.com.br\/blog\/wp-json\/wp\/v2\/posts\/956\/revisions\/964"}],"wp:featuredmedia":[{"embeddable":true,"href":"https:\/\/www.performaweb.com.br\/blog\/wp-json\/wp\/v2\/media\/961"}],"wp:attachment":[{"href":"https:\/\/www.performaweb.com.br\/blog\/wp-json\/wp\/v2\/media?parent=956"}],"wp:term":[{"taxonomy":"category","embeddable":true,"href":"https:\/\/www.performaweb.com.br\/blog\/wp-json\/wp\/v2\/categories?post=956"},{"taxonomy":"post_tag","embeddable":true,"href":"https:\/\/www.performaweb.com.br\/blog\/wp-json\/wp\/v2\/tags?post=956"}],"curies":[{"name":"wp","href":"https:\/\/api.w.org\/{rel}","templated":true}]}}